{"id":326,"date":"2016-07-15T20:32:09","date_gmt":"2016-07-15T20:32:09","guid":{"rendered":"http:\/\/olympiclegacy.eu\/?p=326"},"modified":"2017-01-28T20:18:49","modified_gmt":"2017-01-28T20:18:49","slug":"meet-the-hungarian-participants","status":"publish","type":"post","link":"https:\/\/olympiclegacy.eu\/index.php\/2016\/07\/15\/meet-the-hungarian-participants\/","title":{"rendered":"Meet the Hungarian participants"},"content":{"rendered":"<p>A few weeks, our partner <span class=\"fwn fcg\"><span class=\"fwb fcg\" data-ft=\"{&quot;tn&quot;:&quot;;&quot;}\">Karpati Adrienn, coordinator at Polg\u00e1r Alap\u00edtv\u00e1ny published the portrait of each participants from Hungary:<\/span><\/span><\/p>\n<p>&nbsp;<\/p>\n<p><span id=\"fbPhotoSnowliftCaption\" class=\"fbPhotosPhotoCaption\" tabindex=\"0\" data-ft=\"{&quot;tn&quot;:&quot;K&quot;}\"><span class=\"hasCaption\"><img loading=\"lazy\" decoding=\"async\" class=\"alignleft wp-image-327\" src=\"http:\/\/olympiclegacy.eu\/wp-content\/uploads\/2016\/07\/13427833_10206672850127775_8606841126206436299_n.jpg\" alt=\"13427833_10206672850127775_8606841126206436299_n\" width=\"350\" height=\"233\" \/>My name is Richard Seres from Hungary. I live in B\u00e1tonyterenye with my parents and my sister, Kiara.<br \/>\nI am 19 years old and I\u2019m part of the citizens foundation since 3 years. I am part of the after-school program in Nagyb\u00e1tony since 3th grade. With them I had the chance to visit a lot of beautiful places in the world like Krakkow or Helsinki.<span class=\"text_exposed_show\"><br \/>\nMy talent is the photography and movie making. I made some video clips with my mentor and we organized exhibitions. And music is a really important thing in my life. I was playing the piano, but drums is my love.<br \/>\nI began to study English in 7th grade and since then with smaller and bigger omission I developed my skills.<br \/>\nI love to work in team and I love challenges. I love to meet new people and try new things. I have lots friend, and I love them.<br \/>\nIn 2015 I finished the High-School in Salg\u00f3tarjan, and I started to learn my profession in this school.<br \/>\nOne piece of my works: <a href=\"https:\/\/www.youtube.com\/watch?v=k4g-AobTaHE\" target=\"_blank\" rel=\"nofollow nofollow\">https:\/\/www.youtube.com\/<wbr \/>watch?v=k4g-AobTaHE<\/a><\/span><\/span><\/span><\/p>\n<p>&nbsp;<\/p>\n<p>&nbsp;<\/p>\n<p><img loading=\"lazy\" decoding=\"async\" class=\"alignleft wp-image-328\" src=\"http:\/\/olympiclegacy.eu\/wp-content\/uploads\/2016\/07\/13524447_10206719685018618_8032160123162784951_n.jpg\" alt=\"13524447_10206719685018618_8032160123162784951_n\" width=\"188\" height=\"250\" \/>Hello, My name is Kinga Hath\u00e1zi. I\u2019m 18 years old student. I live in Baktal\u00f3r\u00e1nth\u00e1za, it\u2018s a small town located in the Northeast part of Hungary. I went to the school named K\u00f6lcsey Ferenc Secondary School situated in V\u00e1s\u00e1rosnam\u00e9ny. My favorite subjects are the literature and the history, by this time next year i will have studied at the university. I\u2018m really into learning a kind of law, as a result I have applied this year to the area Public Administration Manager with Specialization in General Administration. I believe, I will enjoy those college years, and I could be positioned then as a professional worker. I would gladly be a notary or a clerk.<\/p>\n<p>&nbsp;<\/p>\n<p>&nbsp;<\/p>\n<p>&nbsp;<\/p>\n<p>&nbsp;<\/p>\n<p><span id=\"fbPhotoSnowliftCaption\" class=\"fbPhotosPhotoCaption\" tabindex=\"0\" data-ft=\"{&quot;tn&quot;:&quot;K&quot;}\"><span class=\"hasCaption\"><img loading=\"lazy\" decoding=\"async\" class=\"alignleft wp-image-329\" src=\"http:\/\/olympiclegacy.eu\/wp-content\/uploads\/2016\/07\/13524473_10206719867383177_2897956268301471229_n-800x800.jpg\" alt=\"13524473_10206719867383177_2897956268301471229_n\" width=\"300\" height=\"300\" srcset=\"https:\/\/olympiclegacy.eu\/wp-content\/uploads\/2016\/07\/13524473_10206719867383177_2897956268301471229_n-800x800.jpg 800w, https:\/\/olympiclegacy.eu\/wp-content\/uploads\/2016\/07\/13524473_10206719867383177_2897956268301471229_n-150x150.jpg 150w, https:\/\/olympiclegacy.eu\/wp-content\/uploads\/2016\/07\/13524473_10206719867383177_2897956268301471229_n-768x768.jpg 768w, https:\/\/olympiclegacy.eu\/wp-content\/uploads\/2016\/07\/13524473_10206719867383177_2897956268301471229_n-480x480.jpg 480w, https:\/\/olympiclegacy.eu\/wp-content\/uploads\/2016\/07\/13524473_10206719867383177_2897956268301471229_n-640x640.jpg 640w, https:\/\/olympiclegacy.eu\/wp-content\/uploads\/2016\/07\/13524473_10206719867383177_2897956268301471229_n.jpg 960w\" sizes=\"auto, (max-width: 300px) 100vw, 300px\" \/>Hello, My name is L\u00e1szl\u00f3 Bori.<br \/>\nI am from Hungary. It&#8217;s in central Europe.<br \/>\nThe capital city is Budapest. <span class=\"text_exposed_show\"><br \/>\nIt&#8217;s a very famous city, because there are a lot of historical places in it.<br \/>\nMy first name is L\u00e1szl\u00f3, my surname is Bori and you can call me Lacika.<br \/>\nI am nineteen years old.<br \/>\nNow I am learning in a secondary school in Miskolc, because I want to be a policeman.<br \/>\nI live with my family in a small village called Hidasn\u00e9meti.<br \/>\nWe live sixty km for Miskolc, so I travel there by train every day.<br \/>\nI met Polgar Foundation in a talent show. They help me with scholarship.<br \/>\nI use this money for learning English, because I would like to take on exam in the future.<br \/>\nI am interested in football. I play in a local football team.<br \/>\nMy dream is to be famous player. <i class=\"_lew\" title=\"smile emoticon\"><i class=\"_4-k1 img sp_fM-mz8spZ1b sx_5371b4\"><\/i><\/i><\/span><\/span><\/span><\/p>\n<p>&nbsp;<\/p>\n<p>&nbsp;<\/p>\n<p><span id=\"fbPhotoSnowliftCaption\" class=\"fbPhotosPhotoCaption\" tabindex=\"0\" data-ft=\"{&quot;tn&quot;:&quot;K&quot;}\"><span class=\"hasCaption\"><img loading=\"lazy\" decoding=\"async\" class=\"alignleft wp-image-330\" src=\"http:\/\/olympiclegacy.eu\/wp-content\/uploads\/2016\/07\/13495517_10206713497943945_1539528223262614045_o-800x533.jpg\" alt=\"13495517_10206713497943945_1539528223262614045_o\" width=\"350\" height=\"233\" srcset=\"https:\/\/olympiclegacy.eu\/wp-content\/uploads\/2016\/07\/13495517_10206713497943945_1539528223262614045_o-800x533.jpg 800w, https:\/\/olympiclegacy.eu\/wp-content\/uploads\/2016\/07\/13495517_10206713497943945_1539528223262614045_o-768x512.jpg 768w, https:\/\/olympiclegacy.eu\/wp-content\/uploads\/2016\/07\/13495517_10206713497943945_1539528223262614045_o-1200x800.jpg 1200w, https:\/\/olympiclegacy.eu\/wp-content\/uploads\/2016\/07\/13495517_10206713497943945_1539528223262614045_o-1600x1066.jpg 1600w, https:\/\/olympiclegacy.eu\/wp-content\/uploads\/2016\/07\/13495517_10206713497943945_1539528223262614045_o.jpg 2048w\" sizes=\"auto, (max-width: 350px) 100vw, 350px\" \/>Hi! I would like to introduce myself in a few words. My name is Ilona Krajcz\u00e1r. I was born in a medium sized town in Taktaken\u00e9z in the North of Hungary on 4th of July,1999. I am 16 years old. I live in Taktaken\u00e9z. I am student and I attend \u00c1rp\u00e1d Vez\u00e9r Secondary Grammar School in S\u00e1rospatak. I can speak three languages Hungarian, that is my native language, English, which I have been learni<span class=\"text_exposed_show\">ng for 7 years now, and a little bit of italian: I started learning it last year.<br \/>\nI have got big brown eyes and I have got a straight dark brown hair. I think I am open and friendly. When people have any problems they usually talk to me. My friends, however, say that I am sometimes bossy. I am a born optimist.<br \/>\nOn week days I often relax and I listen to music. I can get away from it all. It is a useful way of relaxation. My favorite singer is Justin Bieber. Now my favorite music video is from Justin Bieber of Sorry. I always clean my room at the weekend. I help my mother with cooking, washing up. I enjoy cooking and shopping. I am interested in the cinema. My favorite film is Three steps above heaven. When the weather is nice, I like going on trips. I especially like walking in the mountains. But the weather is bad, I watch TV and talk my parents and my brother.<\/span><\/span><\/span><\/p>\n<p>&nbsp;<\/p>\n<p>&nbsp;<\/p>\n<p>&nbsp;<\/p>\n<p><span id=\"fbPhotoSnowliftCaption\" class=\"fbPhotosPhotoCaption\" tabindex=\"0\" data-ft=\"{&quot;tn&quot;:&quot;K&quot;}\"><span class=\"hasCaption\"><img loading=\"lazy\" decoding=\"async\" class=\"alignleft wp-image-332\" src=\"http:\/\/olympiclegacy.eu\/wp-content\/uploads\/2016\/07\/13428499_10206713455302879_2702501216336120937_n.jpg\" alt=\"13428499_10206713455302879_2702501216336120937_n\" width=\"200\" height=\"300\" \/>Hello, my name is Kitti Farkas. I am 17 years old. My mother died in August 2015, my father 10 years ago. I live with my sister and my brothers in Budapest since the middle of February. Currently, I am studying in Baktalor\u00e1nth\u00e1za Vay Adam Secondary Agricultural Vocational School, and I will finish the secondary scho<span class=\"text_exposed_show\">ol the following year. The school is 300 km far away from Budapest, so I have to stay in a college. My favourite subjects are the Interval Affairs policing Skills and the Literature. And in the future, I would like to be a police officer, so after graduation I would like to be a student in Budapest Adyliget Police Secondary School. For me is very important to exercise regularly, this is the basic for a healthy lifestyle. I regularly playing football and also running. I really like to listening0 to music, and I also like reading poetry. My favourite poet is Endre Ady. The most important for me my family , and I know that if anything happens to me my sister and brothers are always will be with me.<\/span><\/span><\/span><\/p>\n<p>&nbsp;<\/p>\n<p>&nbsp;<\/p>\n<p>&nbsp;<\/p>\n<p><span id=\"fbPhotoSnowliftCaption\" class=\"fbPhotosPhotoCaption\" tabindex=\"0\" data-ft=\"{&quot;tn&quot;:&quot;K&quot;}\"><span class=\"hasCaption\"><img loading=\"lazy\" decoding=\"async\" class=\"alignleft wp-image-334\" src=\"http:\/\/olympiclegacy.eu\/wp-content\/uploads\/2016\/07\/13495491_10206713525024622_5981055027824718497_o-800x532.jpg\" alt=\"13495491_10206713525024622_5981055027824718497_o\" width=\"350\" height=\"233\" srcset=\"https:\/\/olympiclegacy.eu\/wp-content\/uploads\/2016\/07\/13495491_10206713525024622_5981055027824718497_o-800x532.jpg 800w, https:\/\/olympiclegacy.eu\/wp-content\/uploads\/2016\/07\/13495491_10206713525024622_5981055027824718497_o-768x510.jpg 768w, https:\/\/olympiclegacy.eu\/wp-content\/uploads\/2016\/07\/13495491_10206713525024622_5981055027824718497_o-1200x797.jpg 1200w, https:\/\/olympiclegacy.eu\/wp-content\/uploads\/2016\/07\/13495491_10206713525024622_5981055027824718497_o-1600x1063.jpg 1600w, https:\/\/olympiclegacy.eu\/wp-content\/uploads\/2016\/07\/13495491_10206713525024622_5981055027824718497_o.jpg 2048w\" sizes=\"auto, (max-width: 350px) 100vw, 350px\" \/>My name is Tam\u00e1s Pacz\u00f3k.<br \/>\nI was born at Miskolc on 1997 02 25. I live with my family, in Mez\u0151cs\u00e1t. I have got two brothers, their name is K\u00e1roly and D\u00e1vid, and I have got one sister, M\u00e1ria.<span class=\"text_exposed_show\"><br \/>\nI began playing football in Mez\u0151k\u0151vesd 5 years ago. I live in college, and I am learning at Sz\u00e9chenyi Istv\u00e1n Catholic Vocational School of Mez\u0151k\u00f6vesd. I will be a shop assistant after my exams. I am 18 years old, and I am a graduate. My plan for the future, that I would like to get a high school diploma, and I would love to play football abroad. I love football and in my freetime I always doing sports, and I am with my friends. I love my family, because they make me stronger. I am very friendly, If the people have got problems, theyfeel free to turn to me. I am very helpful. I like dancing, and listening to different music. I have got big brown eyes, and short straight black hair. I always wearing jeans, and shirt. I hope everything will go well with me and I am going to graduate.<\/span><\/span><\/span><\/p>\n<p>&nbsp;<\/p>\n<div id=\"id_579bbf1db92051362361545\" class=\"text_exposed_root text_exposed\"><img loading=\"lazy\" decoding=\"async\" class=\"alignleft wp-image-335\" src=\"http:\/\/olympiclegacy.eu\/wp-content\/uploads\/2016\/07\/13419031_10206650949500273_6832933037748897953_n-800x533.jpg\" alt=\"13419031_10206650949500273_6832933037748897953_n\" width=\"350\" height=\"233\" srcset=\"https:\/\/olympiclegacy.eu\/wp-content\/uploads\/2016\/07\/13419031_10206650949500273_6832933037748897953_n-800x533.jpg 800w, https:\/\/olympiclegacy.eu\/wp-content\/uploads\/2016\/07\/13419031_10206650949500273_6832933037748897953_n-768x512.jpg 768w, https:\/\/olympiclegacy.eu\/wp-content\/uploads\/2016\/07\/13419031_10206650949500273_6832933037748897953_n.jpg 960w\" sizes=\"auto, (max-width: 350px) 100vw, 350px\" \/>Hello! My name is Dominika Judit Kanalas, and I am 18 years old. I live with my parents and two brothers in a little town called Hajd\u00fas\u00e1mson in Hungary. I graduated from secondary school this April, and am now applying for university. I am aiming to study Scandinavistics and Linguistics <span class=\"text_exposed_show\">in Budapest, since I am talented in learning languages. I speak Hungarian (this is my native language), English, German, and French, but I also want to learn Norwegian, Swedish, Japanese, and Russian, to mention a few examples. However, learning a language is not only about grammar rules and vocabulary to me; it is about learning about a different culture, getting a new point of view. There\u2019s a proverb on this topic I really like: \u201cYou live a new life for every new language you speak.\u201d<br \/>\nI am a very friendly person, sometimes a bit shy though. But I am usually very talkative and have good people skills. I can get along with almost all types of people; I think that\u2019s because I am open-minded and outspoken, but also willing to listen to others\u2019 opinions. (And my motto is \u201cBe a little kinder than you have to\u201d which, I guess, also helps.)<br \/>\nMy hobbies are reading, writing poems or sometimes short stories, listening to music, and traveling. I also love spending time with the people I love: Talking and playing with my brothers, hanging out with my friends, or going on a trip with them. If we have enough room, we often play volleyball together; it is my favourite sport.<\/span><\/div>\n<div id=\"fbPhotoSnowliftProductsTagList\" class=\"pts fbPhotoProductsTagList\"><\/div>\n","protected":false},"excerpt":{"rendered":"<p>A few weeks, our partner Karpati Adrienn, coordinator at Polg\u00e1r Alap\u00edtv\u00e1ny published the portrait of each participants from Hungary: &nbsp; My name is Richard Seres from Hungary. I live in B\u00e1tonyterenye with my parents and my sister, Kiara. I am 19 years old and I\u2019m part of the citizens foundation since 3 years. I am part of the after-school program &#8230;<\/p>\n","protected":false},"author":2,"featured_media":337,"comment_status":"closed","ping_status":"open","sticky":false,"template":"","format":"standard","meta":{"footnotes":""},"categories":[3,9],"tags":[],"class_list":["post-326","post","type-post","status-publish","format-standard","has-post-thumbnail","hentry","category-news","category-youth-exchange"],"_links":{"self":[{"href":"https:\/\/olympiclegacy.eu\/index.php\/wp-json\/wp\/v2\/posts\/326","targetHints":{"allow":["GET"]}}],"collection":[{"href":"https:\/\/olympiclegacy.eu\/index.php\/wp-json\/wp\/v2\/posts"}],"about":[{"href":"https:\/\/olympiclegacy.eu\/index.php\/wp-json\/wp\/v2\/types\/post"}],"author":[{"embeddable":true,"href":"https:\/\/olympiclegacy.eu\/index.php\/wp-json\/wp\/v2\/users\/2"}],"replies":[{"embeddable":true,"href":"https:\/\/olympiclegacy.eu\/index.php\/wp-json\/wp\/v2\/comments?post=326"}],"version-history":[{"count":4,"href":"https:\/\/olympiclegacy.eu\/index.php\/wp-json\/wp\/v2\/posts\/326\/revisions"}],"predecessor-version":[{"id":338,"href":"https:\/\/olympiclegacy.eu\/index.php\/wp-json\/wp\/v2\/posts\/326\/revisions\/338"}],"wp:featuredmedia":[{"embeddable":true,"href":"https:\/\/olympiclegacy.eu\/index.php\/wp-json\/wp\/v2\/media\/337"}],"wp:attachment":[{"href":"https:\/\/olympiclegacy.eu\/index.php\/wp-json\/wp\/v2\/media?parent=326"}],"wp:term":[{"taxonomy":"category","embeddable":true,"href":"https:\/\/olympiclegacy.eu\/index.php\/wp-json\/wp\/v2\/categories?post=326"},{"taxonomy":"post_tag","embeddable":true,"href":"https:\/\/olympiclegacy.eu\/index.php\/wp-json\/wp\/v2\/tags?post=326"}],"curies":[{"name":"wp","href":"https:\/\/api.w.org\/{rel}","templated":true}]}}